{"id":878,"date":"2019-06-13T21:43:43","date_gmt":"2019-06-13T21:43:43","guid":{"rendered":"http:\/\/bukuroca.org\/?p=878"},"modified":"2019-06-13T21:43:43","modified_gmt":"2019-06-13T21:43:43","slug":"takimi-me-keshillin-e-bl-bukuroc-2019","status":"publish","type":"post","link":"http:\/\/bukuroca.org\/?p=878","title":{"rendered":"Takimi me K\u00ebshillin e BL Bukuroc 2019"},"content":{"rendered":"<p><a href=\"http:\/\/bukuroca.org\/wp-content\/uploads\/2019\/06\/KESHILLI-I-BL.jpg\"><img decoding=\"async\" loading=\"lazy\" class=\"alignnone size-thumbnail wp-image-879\" src=\"http:\/\/bukuroca.org\/wp-content\/uploads\/2019\/06\/KESHILLI-I-BL-150x150.jpg\" alt=\"\" width=\"150\" height=\"150\"><\/a><\/p>\n<p>E nderuara kryesi e pun\u00ebs t\u00eb nderuar an\u00ebtar, BL k\u00ebto dit\u00eb ka pranura nj\u00eb vendim nga NP. MORAVICA Preshev\u00eb, vendimi n\u00eb fjal\u00eb cil\u00ebsohet t\u00eb jet\u00eb i r\u00ebnd\u00ebsish\u00ebm, dhe mbi gjitha d\u00ebtyr\u00eb par\u00ebsore e k\u00ebshillit t\u00eb BL Bukuroc p\u00ebr ta trajtuar dhe analizuar n\u00eb p\u00ebrpikm\u00ebri nga ku edhe do t\u00eb nxjerrim konkluzionin q\u00eb do t\u00eb i p\u00ebrcillet nd\u00ebrmarjes n\u00eb fjal\u00eb, dhe gjith\u00eb Banor\u00ebve t\u00eb vendbanimit ton\u00eb Bukuroc n\u00ebp\u00ebrmjet web faqes zyrtare, e rrjetit social fb t<span class=\"text_exposed_show\">\u00eb BL. Prandaj t\u00eb nderuar an\u00ebtar prezenca juaj \u00ebsht\u00eb e obligueshme m\u00eb dat\u00eb 17.06.2019 n\u00eb ora 18:00h n\u00eb nj\u00ebr\u00ebn nga klas\u00ebt e shkoll\u00ebs n\u00eb k\u00ebt\u00eb takim do t\u00eb jet\u00eb i ftuar edhe an\u00ebtari n\u00eb k\u00ebshillin komunal nga vendbanimi yn\u00eb Orhan IBRAHIMI. Deri n\u00eb takimin e radh\u00ebs.<\/span><\/p>\n<div class=\"text_exposed_show\">\n<p>Sinqerisht,<br \/>\nMeriton MURTEZI<\/p>\n<p>Kryesues i BL Bukuroc<\/p>\n<\/div>\n","protected":false},"excerpt":{"rendered":"<p>E nderuara kryesi e pun\u00ebs t\u00eb nderuar an\u00ebtar, BL k\u00ebto dit\u00eb ka pranura nj\u00eb vendim nga NP. MORAVICA Preshev\u00eb, vendimi n\u00eb fjal\u00eb cil\u00ebsohet t\u00eb jet\u00eb i r\u00ebnd\u00ebsish\u00ebm, dhe mbi gjitha d\u00ebtyr\u00eb par\u00ebsore e k\u00ebshillit t\u00eb BL Bukuroc p\u00ebr ta trajtuar dhe analizuar n\u00eb p\u00ebrpikm\u00ebri nga ku edhe do t\u00eb nxjerrim konkluzionin q\u00eb do t\u00eb i &hellip; <\/p>\n<p><a class=\"more-link btn\" href=\"http:\/\/bukuroca.org\/?p=878\">Continue reading<\/a><\/p>\n","protected":false},"author":3,"featured_media":0,"comment_status":"open","ping_status":"open","sticky":false,"template":"","format":"standard","meta":{"ngg_post_thumbnail":0,"footnotes":""},"categories":[1],"tags":[],"_links":{"self":[{"href":"http:\/\/bukuroca.org\/index.php?rest_route=\/wp\/v2\/posts\/878"}],"collection":[{"href":"http:\/\/bukuroca.org\/index.php?rest_route=\/wp\/v2\/posts"}],"about":[{"href":"http:\/\/bukuroca.org\/index.php?rest_route=\/wp\/v2\/types\/post"}],"author":[{"embeddable":true,"href":"http:\/\/bukuroca.org\/index.php?rest_route=\/wp\/v2\/users\/3"}],"replies":[{"embeddable":true,"href":"http:\/\/bukuroca.org\/index.php?rest_route=%2Fwp%2Fv2%2Fcomments&post=878"}],"version-history":[{"count":1,"href":"http:\/\/bukuroca.org\/index.php?rest_route=\/wp\/v2\/posts\/878\/revisions"}],"predecessor-version":[{"id":880,"href":"http:\/\/bukuroca.org\/index.php?rest_route=\/wp\/v2\/posts\/878\/revisions\/880"}],"wp:attachment":[{"href":"http:\/\/bukuroca.org\/index.php?rest_route=%2Fwp%2Fv2%2Fmedia&parent=878"}],"wp:term":[{"taxonomy":"category","embeddable":true,"href":"http:\/\/bukuroca.org\/index.php?rest_route=%2Fwp%2Fv2%2Fcategories&post=878"},{"taxonomy":"post_tag","embeddable":true,"href":"http:\/\/bukuroca.org\/index.php?rest_route=%2Fwp%2Fv2%2Ftags&post=878"}],"curies":[{"name":"wp","href":"https:\/\/api.w.org\/{rel}","templated":true}]}}