{"id":874,"date":"2019-05-27T22:59:50","date_gmt":"2019-05-27T22:59:50","guid":{"rendered":"http:\/\/bukuroca.org\/?p=874"},"modified":"2019-05-27T22:59:50","modified_gmt":"2019-05-27T22:59:50","slug":"takimi-i-perbashket-me-perfaqsuesit-e-bl-dhe-kryetarin-e-komunes","status":"publish","type":"post","link":"http:\/\/bukuroca.org\/?p=874","title":{"rendered":"TAKIMI I P\u00cbRBASHK\u00cbT ME P\u00cbRFAQSUESIT E BL DHE KRYETARIN E KOMUN\u00cbS"},"content":{"rendered":"<p><a href=\"http:\/\/bukuroca.org\/wp-content\/uploads\/2019\/05\/TAKIMI-27.05.2019.jpg\"><img decoding=\"async\" loading=\"lazy\" class=\"alignnone size-thumbnail wp-image-875\" src=\"http:\/\/bukuroca.org\/wp-content\/uploads\/2019\/05\/TAKIMI-27.05.2019-150x150.jpg\" alt=\"\" width=\"150\" height=\"150\"><\/a><\/p>\n<p>Q\u00ebllimi i takimit ishte inicimi i procedur\u00ebs s\u00eb em\u00ebrimit t\u00eb rrug\u00ebve t\u00eb reja n\u00eb territorin e Komun\u00ebs s\u00eb Preshev\u00ebs, t\u00eb cilat me par\u00eb nuk kan\u00eb qen\u00eb t\u00eb regjistruara, p\u00ebr t\u00eb cilat me vendim t\u00eb Ministris\u00eb s\u00eb pushtetit lokal, duhet t\u00eb em\u00ebrtohen me emrat e tyre, n\u00eb baz\u00eb t\u00eb Elaboratit t\u00eb p\u00ebrpiluar nga p\u00ebrfaq\u00ebsuesit e tyre.<\/p>\n<p>P\u00ebrmes k\u00ebtij procesi p\u00ebrve\u00e7 tjerash do t\u00eb mund\u00ebsohet pajisja e qytetar\u00ebve me adresa t\u00eb sakta, si dhe<span class=\"text_exposed_show\">&nbsp;dokumenta t\u00eb qarkullimit, t\u00eb cilat do t\u00eb jen\u00eb t\u00eb standardizuar sipas normave evropiane.<\/span><\/p>\n<div class=\"text_exposed_show\">\n<p>\u00cbsht\u00eb evidente q\u00eb ky proces ka filluar m\u00eb 2014-t\u00eb dhe tashm\u00eb duhet t\u00eb p\u00ebrfundoj\u00eb sa m\u00eb par\u00eb t\u00eb jet\u00eb e mundur, n\u00eb m\u00ebnyr\u00eb q\u00eb propozimet p\u00ebr em\u00ebrtimin e rrug\u00ebve t\u00eb b\u00ebhen nga vet\u00eb qytetar\u00ebt, e t\u00eb mos n&#8217;a b\u00ebhen nga p\u00ebrfaq\u00ebsuesit e Ministris\u00eb gjegj\u00ebse.<\/p>\n<p>Komisioni p\u00ebr em\u00ebrtimin e rrug\u00ebve dhe shesheve ka prezantuar procesin n\u00eb m\u00ebnyr\u00eb t\u00eb detajuar, duke demonstruar me shembuj konkret t\u00eb disa Bashk\u00ebsive Lokale t\u00eb Komun\u00ebs son\u00eb.<\/p>\n<p>Komisioni gjithashtu ua ka shp\u00ebrndar\u00eb materialet e nevojshme kryetar\u00ebve t\u00eb Bashk\u00ebsive Lokale, t\u00eb cil\u00ebt do t\u00eb procedojn\u00eb me p\u00ebrfaq\u00ebsuesit e rrug\u00ebve t\u00eb cilat do t&#8217;i n\u00ebnshtrohen k\u00ebtij procesi.<\/p>\n<p>Luten qytetar\u00ebt e Komun\u00ebs son\u00eb q\u00eb aktivisht t\u00eb marrin pjes\u00eb n\u00eb k\u00ebt\u00eb proces, pasi \u00ebsht\u00eb n\u00eb dobin\u00eb e tyre q\u00eb em\u00ebrtimi i rrug\u00ebve t\u00eb b\u00ebhet sa m\u00eb par\u00eb t\u00eb jet\u00eb e mundur, n\u00eb m\u00ebnyr\u00eb q\u00eb t\u00eb mos hasin n\u00eb probleme gjat\u00eb pajisjes s\u00eb tyre me dokumenta t\u00eb udh\u00ebtimit (let\u00ebrnjoftim, pasaport\u00eb, patent shofer etj.) nga institucionet shtet\u00ebrore.<\/p>\n<p>Dit\u00ebve n\u00eb vijim Komisioni do t\u00eb pranoj\u00eb propozimet dbe do t\u00eb procedoj\u00eb tutje n\u00eb drejtim t\u00eb instancave m\u00eb t\u00eb larta shtet\u00ebrore, n\u00eb m\u00ebnyr\u00eb q\u00eb em\u00ebrtimi i rrug\u00ebve dhe shesheve t\u00eb b\u00ebhet sa m\u00eb par\u00eb.<\/p>\n<p>Gjithashtu me em\u00ebrtimin e rrug\u00ebve t\u00eb reja do t\u00eb b\u00ebhet dhe nd\u00ebrrimi i dokumentave personale t\u00eb udh\u00ebtimit, pas skadimit t\u00eb afatit t\u00eb tyre.<\/p>\n<\/div>\n<p>&nbsp;<\/p>\n","protected":false},"excerpt":{"rendered":"<p>Q\u00ebllimi i takimit ishte inicimi i procedur\u00ebs s\u00eb em\u00ebrimit t\u00eb rrug\u00ebve t\u00eb reja n\u00eb territorin e Komun\u00ebs s\u00eb Preshev\u00ebs, t\u00eb cilat me par\u00eb nuk kan\u00eb qen\u00eb t\u00eb regjistruara, p\u00ebr t\u00eb cilat me vendim t\u00eb Ministris\u00eb s\u00eb pushtetit lokal, duhet t\u00eb em\u00ebrtohen me emrat e tyre, n\u00eb baz\u00eb t\u00eb Elaboratit t\u00eb p\u00ebrpiluar nga p\u00ebrfaq\u00ebsuesit e tyre. &hellip; <\/p>\n<p><a class=\"more-link btn\" href=\"http:\/\/bukuroca.org\/?p=874\">Continue reading<\/a><\/p>\n","protected":false},"author":3,"featured_media":0,"comment_status":"open","ping_status":"open","sticky":false,"template":"","format":"standard","meta":{"ngg_post_thumbnail":0,"footnotes":""},"categories":[1],"tags":[],"_links":{"self":[{"href":"http:\/\/bukuroca.org\/index.php?rest_route=\/wp\/v2\/posts\/874"}],"collection":[{"href":"http:\/\/bukuroca.org\/index.php?rest_route=\/wp\/v2\/posts"}],"about":[{"href":"http:\/\/bukuroca.org\/index.php?rest_route=\/wp\/v2\/types\/post"}],"author":[{"embeddable":true,"href":"http:\/\/bukuroca.org\/index.php?rest_route=\/wp\/v2\/users\/3"}],"replies":[{"embeddable":true,"href":"http:\/\/bukuroca.org\/index.php?rest_route=%2Fwp%2Fv2%2Fcomments&post=874"}],"version-history":[{"count":1,"href":"http:\/\/bukuroca.org\/index.php?rest_route=\/wp\/v2\/posts\/874\/revisions"}],"predecessor-version":[{"id":876,"href":"http:\/\/bukuroca.org\/index.php?rest_route=\/wp\/v2\/posts\/874\/revisions\/876"}],"wp:attachment":[{"href":"http:\/\/bukuroca.org\/index.php?rest_route=%2Fwp%2Fv2%2Fmedia&parent=874"}],"wp:term":[{"taxonomy":"category","embeddable":true,"href":"http:\/\/bukuroca.org\/index.php?rest_route=%2Fwp%2Fv2%2Fcategories&post=874"},{"taxonomy":"post_tag","embeddable":true,"href":"http:\/\/bukuroca.org\/index.php?rest_route=%2Fwp%2Fv2%2Ftags&post=874"}],"curies":[{"name":"wp","href":"https:\/\/api.w.org\/{rel}","templated":true}]}}