{"id":773,"date":"2019-05-13T16:48:51","date_gmt":"2019-05-13T16:48:51","guid":{"rendered":"http:\/\/bukuroca.org\/?p=773"},"modified":"2019-05-19T11:01:55","modified_gmt":"2019-05-19T11:01:55","slug":"mirmbajtja-dhe-kositja-e-bankinave-ansorve-ne-rruget-kryesore-2019","status":"publish","type":"post","link":"http:\/\/bukuroca.org\/?p=773","title":{"rendered":"Mirmbajtja dhe kositja e Bankinave (Ansorve) n\u00eb rrug\u00ebt kryesore-2019"},"content":{"rendered":"\r\n<figure class=\"wp-block-image is-resized\"><a href=\"http:\/\/bukuroca.org\/wp-content\/uploads\/2019\/05\/a.jpg\"><img decoding=\"async\" loading=\"lazy\" class=\"alignnone wp-image-774 size-medium\" src=\"http:\/\/bukuroca.org\/wp-content\/uploads\/2019\/05\/a-225x300.jpg\" alt=\"\" width=\"225\" height=\"300\" srcset=\"http:\/\/bukuroca.org\/wp-content\/uploads\/2019\/05\/a-225x300.jpg 225w, http:\/\/bukuroca.org\/wp-content\/uploads\/2019\/05\/a-510x681.jpg 510w, http:\/\/bukuroca.org\/wp-content\/uploads\/2019\/05\/a.jpg 562w\" sizes=\"(max-width: 225px) 100vw, 225px\" \/><\/a> <a href=\"http:\/\/bukuroca.org\/wp-content\/uploads\/2019\/05\/f.jpg\"><img decoding=\"async\" loading=\"lazy\" class=\"alignnone wp-image-777 size-medium\" src=\"http:\/\/bukuroca.org\/wp-content\/uploads\/2019\/05\/f-225x300.jpg\" alt=\"\" width=\"225\" height=\"300\" srcset=\"http:\/\/bukuroca.org\/wp-content\/uploads\/2019\/05\/f-225x300.jpg 225w, http:\/\/bukuroca.org\/wp-content\/uploads\/2019\/05\/f-510x680.jpg 510w, http:\/\/bukuroca.org\/wp-content\/uploads\/2019\/05\/f.jpg 720w\" sizes=\"(max-width: 225px) 100vw, 225px\" \/><\/a> <a href=\"http:\/\/bukuroca.org\/wp-content\/uploads\/2019\/05\/h.jpg\"><img decoding=\"async\" loading=\"lazy\" class=\"alignnone wp-image-778 size-medium\" src=\"http:\/\/bukuroca.org\/wp-content\/uploads\/2019\/05\/h-225x300.jpg\" alt=\"\" width=\"225\" height=\"300\" srcset=\"http:\/\/bukuroca.org\/wp-content\/uploads\/2019\/05\/h-225x300.jpg 225w, http:\/\/bukuroca.org\/wp-content\/uploads\/2019\/05\/h-510x680.jpg 510w, http:\/\/bukuroca.org\/wp-content\/uploads\/2019\/05\/h.jpg 720w\" sizes=\"(max-width: 225px) 100vw, 225px\" \/><\/a> <a href=\"http:\/\/bukuroca.org\/wp-content\/uploads\/2019\/05\/g.jpg\"><img decoding=\"async\" loading=\"lazy\" class=\"alignnone wp-image-776 size-medium\" src=\"http:\/\/bukuroca.org\/wp-content\/uploads\/2019\/05\/g-225x300.jpg\" alt=\"\" width=\"225\" height=\"300\" srcset=\"http:\/\/bukuroca.org\/wp-content\/uploads\/2019\/05\/g-225x300.jpg 225w, http:\/\/bukuroca.org\/wp-content\/uploads\/2019\/05\/g-510x680.jpg 510w, http:\/\/bukuroca.org\/wp-content\/uploads\/2019\/05\/g.jpg 720w\" sizes=\"(max-width: 225px) 100vw, 225px\" \/><\/a> <a href=\"http:\/\/bukuroca.org\/wp-content\/uploads\/2019\/05\/b.jpg\"><img decoding=\"async\" loading=\"lazy\" class=\"alignnone wp-image-775 size-medium\" src=\"http:\/\/bukuroca.org\/wp-content\/uploads\/2019\/05\/b-225x300.jpg\" alt=\"\" width=\"225\" height=\"300\" srcset=\"http:\/\/bukuroca.org\/wp-content\/uploads\/2019\/05\/b-225x300.jpg 225w, http:\/\/bukuroca.org\/wp-content\/uploads\/2019\/05\/b-510x680.jpg 510w, http:\/\/bukuroca.org\/wp-content\/uploads\/2019\/05\/b.jpg 720w\" sizes=\"(max-width: 225px) 100vw, 225px\" \/><\/a><\/figure>\r\n\r\n\r\n\r\n\r\n\r\n\r\n\r\n\r\n\r\n\r\n\r\n<h2 class=\"wp-block-heading\">&nbsp;<\/h2>\r\n\r\n\r\n\r\n<p>Organizim i pun\u00ebve n\u00eb teren fal\u00eb kontributit t\u00eb Bashk\u00ebsis Lokale q\u00eb banor\u00ebt, Bashkatdhetar\u00ebt e k\u00ebtij\u00eb vendbanimi po e mb\u00ebshtesin pa rezerv\u00eb me vullnetin e mir\u00eb si zgjidhje p\u00ebr zhvillim, mirbajtje, funksionim t\u00eb hapsirave me interes t\u00eb p\u00ebrbashk\u00ebt vet\u00ebm n\u00eb BL Bukuroc. Deri n\u00eb aktivitetin e radh\u00ebs<\/p>\r\n\r\n\r\n\r\n<p>Me respekt&nbsp;<br>Bashk\u00ebsia Lokale Bukuroc<br>12.05.2019<\/p>\r\n\r\n\r\n\r\n<p>&nbsp;<\/p>\r\n","protected":false},"excerpt":{"rendered":"<p>&nbsp; Organizim i pun\u00ebve n\u00eb teren fal\u00eb kontributit t\u00eb Bashk\u00ebsis Lokale q\u00eb banor\u00ebt, Bashkatdhetar\u00ebt e k\u00ebtij\u00eb vendbanimi po e mb\u00ebshtesin pa rezerv\u00eb me vullnetin e mir\u00eb si zgjidhje p\u00ebr zhvillim, mirbajtje, funksionim t\u00eb hapsirave me interes t\u00eb p\u00ebrbashk\u00ebt vet\u00ebm n\u00eb BL Bukuroc. Deri n\u00eb aktivitetin e radh\u00ebs Me respekt&nbsp;Bashk\u00ebsia Lokale Bukuroc12.05.2019 &nbsp;<\/p>\n","protected":false},"author":3,"featured_media":0,"comment_status":"open","ping_status":"open","sticky":false,"template":"","format":"standard","meta":{"ngg_post_thumbnail":0,"footnotes":""},"categories":[1],"tags":[],"_links":{"self":[{"href":"http:\/\/bukuroca.org\/index.php?rest_route=\/wp\/v2\/posts\/773"}],"collection":[{"href":"http:\/\/bukuroca.org\/index.php?rest_route=\/wp\/v2\/posts"}],"about":[{"href":"http:\/\/bukuroca.org\/index.php?rest_route=\/wp\/v2\/types\/post"}],"author":[{"embeddable":true,"href":"http:\/\/bukuroca.org\/index.php?rest_route=\/wp\/v2\/users\/3"}],"replies":[{"embeddable":true,"href":"http:\/\/bukuroca.org\/index.php?rest_route=%2Fwp%2Fv2%2Fcomments&post=773"}],"version-history":[{"count":6,"href":"http:\/\/bukuroca.org\/index.php?rest_route=\/wp\/v2\/posts\/773\/revisions"}],"predecessor-version":[{"id":800,"href":"http:\/\/bukuroca.org\/index.php?rest_route=\/wp\/v2\/posts\/773\/revisions\/800"}],"wp:attachment":[{"href":"http:\/\/bukuroca.org\/index.php?rest_route=%2Fwp%2Fv2%2Fmedia&parent=773"}],"wp:term":[{"taxonomy":"category","embeddable":true,"href":"http:\/\/bukuroca.org\/index.php?rest_route=%2Fwp%2Fv2%2Fcategories&post=773"},{"taxonomy":"post_tag","embeddable":true,"href":"http:\/\/bukuroca.org\/index.php?rest_route=%2Fwp%2Fv2%2Ftags&post=773"}],"curies":[{"name":"wp","href":"https:\/\/api.w.org\/{rel}","templated":true}]}}