{"id":721,"date":"2019-04-06T00:15:14","date_gmt":"2019-04-06T00:15:14","guid":{"rendered":"http:\/\/bukuroca.org\/?p=721"},"modified":"2019-04-06T00:15:14","modified_gmt":"2019-04-06T00:15:14","slug":"takim-me-kryetarin-e-komunes-dhe-shtabin-per-situata-te-jashtzakonshme","status":"publish","type":"post","link":"http:\/\/bukuroca.org\/?p=721","title":{"rendered":"Takim me kryetarin e Komun\u00ebs dhe shtabin p\u00ebr situata t\u00eb jashtzakonshme"},"content":{"rendered":"\n<figure class=\"wp-block-image\"><img decoding=\"async\" loading=\"lazy\" width=\"510\" height=\"383\" src=\"http:\/\/bukuroca.org\/wp-content\/uploads\/2019\/04\/56631986_2084553564954146_5203874747695235072_n-510x383.jpg\" alt=\"\" class=\"wp-image-716\" srcset=\"http:\/\/bukuroca.org\/wp-content\/uploads\/2019\/04\/56631986_2084553564954146_5203874747695235072_n-510x383.jpg 510w, http:\/\/bukuroca.org\/wp-content\/uploads\/2019\/04\/56631986_2084553564954146_5203874747695235072_n-300x225.jpg 300w, http:\/\/bukuroca.org\/wp-content\/uploads\/2019\/04\/56631986_2084553564954146_5203874747695235072_n-768x576.jpg 768w, http:\/\/bukuroca.org\/wp-content\/uploads\/2019\/04\/56631986_2084553564954146_5203874747695235072_n.jpg 960w\" sizes=\"(max-width: 510px) 100vw, 510px\" \/><\/figure>\n\n\n\n<figure class=\"wp-block-image\"><img decoding=\"async\" loading=\"lazy\" width=\"510\" height=\"383\" src=\"http:\/\/bukuroca.org\/wp-content\/uploads\/2019\/04\/56806539_2084554424954060_7663596513750155264_n-510x383.jpg\" alt=\"\" class=\"wp-image-717\" srcset=\"http:\/\/bukuroca.org\/wp-content\/uploads\/2019\/04\/56806539_2084554424954060_7663596513750155264_n-510x383.jpg 510w, http:\/\/bukuroca.org\/wp-content\/uploads\/2019\/04\/56806539_2084554424954060_7663596513750155264_n-300x225.jpg 300w, http:\/\/bukuroca.org\/wp-content\/uploads\/2019\/04\/56806539_2084554424954060_7663596513750155264_n-768x576.jpg 768w, http:\/\/bukuroca.org\/wp-content\/uploads\/2019\/04\/56806539_2084554424954060_7663596513750155264_n.jpg 960w\" sizes=\"(max-width: 510px) 100vw, 510px\" \/><\/figure>\n\n\n\n<figure class=\"wp-block-image\"><img decoding=\"async\" loading=\"lazy\" width=\"510\" height=\"383\" src=\"http:\/\/bukuroca.org\/wp-content\/uploads\/2019\/04\/56209398_2084553591620810_4527495506850480128_n-510x383.jpg\" alt=\"\" class=\"wp-image-714\" srcset=\"http:\/\/bukuroca.org\/wp-content\/uploads\/2019\/04\/56209398_2084553591620810_4527495506850480128_n-510x383.jpg 510w, http:\/\/bukuroca.org\/wp-content\/uploads\/2019\/04\/56209398_2084553591620810_4527495506850480128_n-300x225.jpg 300w, http:\/\/bukuroca.org\/wp-content\/uploads\/2019\/04\/56209398_2084553591620810_4527495506850480128_n-768x576.jpg 768w, http:\/\/bukuroca.org\/wp-content\/uploads\/2019\/04\/56209398_2084553591620810_4527495506850480128_n.jpg 960w\" sizes=\"(max-width: 510px) 100vw, 510px\" \/><\/figure>\n\n\n\n<p>Takimi me kryetarin e Komun\u00ebs dhe me kryetar\u00ebt e bashk\u00ebsive lokale e shtabin p\u00ebr situata t\u00eb jashtzakonshme.<\/p>\n\n\n\n<p>Kryetari komun\u00ebs sot ka thirrur n\u00eb takim kryetar\u00ebt e bashk\u00ebsive lokale t\u00eb komun\u00ebs son\u00eb, nje pjes\u00eb t\u00eb shtabit p\u00ebr situata t\u00eb jashtzakonshme p\u00ebr arsye t\u00eb informimit rreth fushat\u00ebs kund\u00ebr zjarrit. Kryetari komun\u00ebs k\u00ebrkoi bashk\u00ebpunim n\u00eb mes bashk\u00ebsive lokale dhe organeve kompetente n\u00eb raste fatkeq\u00ebsie, sidomos rastet e fundit ndezja e zjarreve.<\/p>\n\n\n\n<p>Gjithashtu u njoftuan t\u00eb pranishmit edhe rreth denimeve n\u00eb rast se identifikohen zjarr\u00ebv\u00ebniet q\u00eb fillojn\u00eb nga 300.000 din deri n\u00eb 1 mln din.<\/p>\n\n\n\n<p>Nga shtabi p\u00ebr situata t\u00eb jashtzakonshme u spjegua plani aksional kund\u00ebr zjarrit p\u00ebr vitin 2019 , plan ky q\u00eb \u00ebsht\u00eb hartuar p\u00ebr her\u00eb t\u00eb par\u00eb n\u00eb komun\u00ebn e Preshev\u00ebs.<\/p>\n\n\n\n<p>T\u00eb pranishmit u mor\u00ebn vesh q\u00eb \u00e7do bashk\u00ebsi lokale t\u00eb ket\u00eb takime dhe mbledhje m\u00eb t\u00eb shpeshta mes bashk\u00ebsive lokale dhe shtabit p\u00ebr situata t\u00eb jashtzakonshme ku b\u00ebjn\u00eb pjes\u00eb edhe policia, nd\u00ebrmarrja publike Moravica, Policia, enti Zjarr\u00ebfiksave, etj.<\/p>\n\n\n\n<p>1985 \u00ebsht\u00eb numri pa pages\u00eb q\u00eb duhet t\u00eb thirret p\u00ebr \u00e7do emergjenc\u00eb, zjarr\u00ebv\u00ebnje apo ndonj\u00eb fatkeq\u00ebsi tjet\u00ebr.<\/p>\n","protected":false},"excerpt":{"rendered":"<p>Takimi me kryetarin e Komun\u00ebs dhe me kryetar\u00ebt e bashk\u00ebsive lokale e shtabin p\u00ebr situata t\u00eb jashtzakonshme. Kryetari komun\u00ebs sot ka thirrur n\u00eb takim kryetar\u00ebt e bashk\u00ebsive lokale t\u00eb komun\u00ebs son\u00eb, nje pjes\u00eb t\u00eb shtabit p\u00ebr situata t\u00eb jashtzakonshme p\u00ebr arsye t\u00eb informimit rreth fushat\u00ebs kund\u00ebr zjarrit. Kryetari komun\u00ebs k\u00ebrkoi bashk\u00ebpunim n\u00eb mes bashk\u00ebsive lokale &hellip; <\/p>\n<p><a class=\"more-link btn\" href=\"http:\/\/bukuroca.org\/?p=721\">Continue reading<\/a><\/p>\n","protected":false},"author":3,"featured_media":0,"comment_status":"open","ping_status":"open","sticky":false,"template":"","format":"standard","meta":{"ngg_post_thumbnail":0,"footnotes":""},"categories":[1],"tags":[],"_links":{"self":[{"href":"http:\/\/bukuroca.org\/index.php?rest_route=\/wp\/v2\/posts\/721"}],"collection":[{"href":"http:\/\/bukuroca.org\/index.php?rest_route=\/wp\/v2\/posts"}],"about":[{"href":"http:\/\/bukuroca.org\/index.php?rest_route=\/wp\/v2\/types\/post"}],"author":[{"embeddable":true,"href":"http:\/\/bukuroca.org\/index.php?rest_route=\/wp\/v2\/users\/3"}],"replies":[{"embeddable":true,"href":"http:\/\/bukuroca.org\/index.php?rest_route=%2Fwp%2Fv2%2Fcomments&post=721"}],"version-history":[{"count":1,"href":"http:\/\/bukuroca.org\/index.php?rest_route=\/wp\/v2\/posts\/721\/revisions"}],"predecessor-version":[{"id":723,"href":"http:\/\/bukuroca.org\/index.php?rest_route=\/wp\/v2\/posts\/721\/revisions\/723"}],"wp:attachment":[{"href":"http:\/\/bukuroca.org\/index.php?rest_route=%2Fwp%2Fv2%2Fmedia&parent=721"}],"wp:term":[{"taxonomy":"category","embeddable":true,"href":"http:\/\/bukuroca.org\/index.php?rest_route=%2Fwp%2Fv2%2Fcategories&post=721"},{"taxonomy":"post_tag","embeddable":true,"href":"http:\/\/bukuroca.org\/index.php?rest_route=%2Fwp%2Fv2%2Ftags&post=721"}],"curies":[{"name":"wp","href":"https:\/\/api.w.org\/{rel}","templated":true}]}}